{"id":926,"date":"2026-04-26T17:18:04","date_gmt":"2026-04-26T20:18:04","guid":{"rendered":"https:\/\/novo.cestaagroecologica.com.br\/?p=926"},"modified":"2026-04-26T17:19:03","modified_gmt":"2026-04-26T20:19:03","slug":"assessoria-para-confeccao-de-sites-de-comercializacao-de-cestas-agroecologicas","status":"publish","type":"post","link":"https:\/\/novo.cestaagroecologica.com.br\/?p=926","title":{"rendered":"Assessoria para confec\u00e7\u00e3o de sites de comercializa\u00e7\u00e3o de cestas agroecol\u00f3gicas &#8211; 2020"},"content":{"rendered":"\n<div class=\"wp-block-group is-layout-constrained wp-block-group-is-layout-constrained\">\n<div class=\"wp-block-buttons is-content-justification-center is-layout-flex wp-container-core-buttons-is-layout-a89b3969 wp-block-buttons-is-layout-flex\">\n<div class=\"wp-block-button\"><a class=\"wp-block-button__link wp-element-button\" href=\"https:\/\/novo.cestaagroecologica.com.br\/?page_id=792\" style=\"text-transform:uppercase\">Mapa de Cestas Agroecol\u00f3gicas<\/a><\/div>\n\n\n\n<div class=\"wp-block-button is-style-outline is-style-outline--1\"><a class=\"wp-block-button__link wp-element-button\" href=\"https:\/\/drive.google.com\/file\/d\/195JRi6T7zWM0J50YSSPQ_HscdIJOOuxx\/view?usp=sharing\" style=\"text-transform:uppercase\">saiba mais<\/a><\/div>\n<\/div>\n<\/div>\n\n\n\n<div class=\"wp-block-group alignfull is-layout-constrained wp-block-group-is-layout-constrained\">\n<div class=\"wp-block-columns alignwide is-layout-flex wp-container-core-columns-is-layout-28f84493 wp-block-columns-is-layout-flex\">\n<div class=\"wp-block-column has-border-color has-palette-color-2-border-color has-palette-color-8-background-color has-background is-layout-flow wp-block-column-is-layout-flow\" style=\"border-width:1px;border-top-left-radius:12px;border-top-right-radius:12px;border-bottom-left-radius:12px;border-bottom-right-radius:12px;padding-top:2rem;padding-right:2rem;padding-bottom:2rem;padding-left:2rem\">\n<div class=\"wp-block-getwid-icon has-layout-framed\"><div class=\"wp-block-getwid-icon__wrapper has-text-color has-palette-color-2-color\"><i class=\"fas fa-leaf\"><\/i><\/div><\/div>\n\n\n\n<p><strong>Objetivo<\/strong><\/p>\n\n\n\n<p>Promover a inclus\u00e3o de projetos ou iniciativas no mercado virtual para venda de produtos agroecol\u00f3gicos.\u00a0<\/p>\n<\/div>\n\n\n\n<div class=\"wp-block-column has-border-color is-layout-flow wp-block-column-is-layout-flow\" style=\"border-color:var(--theme-palette-color-2, #55a630);border-width:1px;border-top-left-radius:12px;border-top-right-radius:12px;border-bottom-left-radius:12px;border-bottom-right-radius:12px;padding-top:2rem;padding-right:2rem;padding-bottom:2rem;padding-left:2rem\">\n<div class=\"wp-block-getwid-icon has-layout-framed\"><div class=\"wp-block-getwid-icon__wrapper has-text-color has-palette-color-2-color\"><i class=\"fas fa-hands-helping\"><\/i><\/div><\/div>\n\n\n\n<p><strong>Assessoria online<\/strong><\/p>\n\n\n\n<p>Ser\u00e3o realizadas oficinas e mentorias para aprendizagem do uso das tecnologias e ferramentas para o processo de venda virtual e estrutura\u00e7\u00e3o da loja online.<\/p>\n<\/div>\n\n\n\n<div class=\"wp-block-column has-border-color has-palette-color-2-border-color is-layout-flow wp-block-column-is-layout-flow\" style=\"border-width:1px;border-top-left-radius:12px;border-top-right-radius:12px;border-bottom-left-radius:12px;border-bottom-right-radius:12px;padding-top:2rem;padding-right:2rem;padding-bottom:2rem;padding-left:2rem\">\n<div class=\"wp-block-getwid-icon has-layout-framed\"><div class=\"wp-block-getwid-icon__wrapper has-text-color has-palette-color-2-color\"><i class=\"fas fa-user-alt\"><\/i><\/div><\/div>\n\n\n\n<p><strong>Quem pode participar<\/strong><\/p>\n\n\n\n<p>Podem participar iniciativas, projetos, a\u00e7\u00f5es, pr\u00e1ticas, cooperativas, redes, coletivos, que tenham um processo de comercializa\u00e7\u00e3o de produtos agroecol\u00f3gicos estruturado.<\/p>\n<\/div>\n<\/div>\n<\/div>\n\n\n\n<div class=\"wp-block-group is-layout-constrained wp-block-group-is-layout-constrained\" style=\"padding-top:5rem;padding-bottom:5rem\">\n<h2 class=\"wp-block-heading\">Resultado da Chamada &#8211; Selecionados<\/h2>\n\n\n\n<p>Em primeiro lugar, gostar\u00edamos de agradecer a todos que se inscreveram na chamada p\u00fablica.<\/p>\n\n\n\n<p>Tivemos 54 inscri\u00e7\u00f5es, sendo 4 repetidas. Dessas 50, tivemos inscri\u00e7\u00f5es de 14 estados (incluindo DF), nas 5 regi\u00f5es brasileiras, em 39 munic\u00edpios diferentes. Foram cestas agroecol\u00f3gicas de diferentes modelos, maturidades e escalas, mas trazendo experi\u00eancias incr\u00edveis.<\/p>\n\n\n\n<p>Para ajudar nessa dif\u00edcil tarefa de selecionar apenas duas para realizarmos a assessoria, convidamos uma Comiss\u00e3o de Sele\u00e7\u00e3o externa ao projeto. O formul\u00e1rio de cada iniciativa foi avaliada por tr\u00eas avaliadores, sendo dois da equipe e um da Comiss\u00e3o. A comiss\u00e3o foi formada pelos seguintes membros:<\/p>\n\n\n\n<p>\u2013 Layssa Maia \u2013 Coordenadora do projeto CACI\/SOLTEC\/UFRJ<\/p>\n\n\n\n<p>\u2013 Felipe Addor \u2013 Professor e Diretor geral do NIDES\/UFRJ<\/p>\n\n\n\n<p>\u2013 Camila Laricchia \u2013 Professora e Coordenadora do LITS\/UFRJ<\/p>\n\n\n\n<p>\u2013 Carolina Soares \u2013 Pesquisadora-Extensionista do projeto CACI\/SOLTEC\/UFRJ<\/p>\n\n\n\n<p>\u2013 Rosana Kirsh \u2013 Cooperada da EITA \u2013 Cooperativa de Trabalho Educa\u00e7\u00e3o, Informa\u00e7\u00e3o e Tecnologia para Autogest\u00e3o.<\/p>\n\n\n\n<p>\u2013 Alan Tygel \u2013 Cooperado da EITA.<\/p>\n\n\n\n<p>Gostar\u00edamos de ressaltar que em alguns formul\u00e1rios havia pouca informa\u00e7\u00e3o para avaliar todos os crit\u00e9rios do edital, devido a preenchimentos muito sucintos. Sempre que poss\u00edvel os avaliadores buscaram informa\u00e7\u00f5es nos sites, redes sociais etc das iniciativas, al\u00e9m de buscar mais informa\u00e7\u00f5es na internet.<\/p>\n\n\n\n<p>Dessa forma, ap\u00f3s delibera\u00e7\u00e3o coletiva da comiss\u00e3o e da equipe, decidiu-se aumentar para 3 iniciativas que ser\u00e3o assessoradas. Al\u00e9m disso, outras 38 iniciativas foram selecionadas para receber hospedagem gratuita. Infelizmente, 9 iniciativas foram desclassificadas por falta de informa\u00e7\u00f5es ou por n\u00e3o estarem dentro dos crit\u00e9rios do edital.<\/p>\n\n\n\n<p>A seguir, a lista final das iniciativas classificadas:<\/p>\n\n\n\n<p><a href=\"https:\/\/drive.google.com\/file\/d\/1ljmi81VEfcN4Vluc0GJdHpLLwnIK-xG2\/view\">Clique aqui!<\/a><\/p>\n<\/div>\n\n\n\n<div class=\"wp-block-group is-layout-constrained wp-block-group-is-layout-constrained\">\n<h2 class=\"wp-block-heading\">Material de apoio<\/h2>\n\n\n\n<p>Nao foi selecionado para assessoria, e mesmo assim gostaria desenvolver o pr\u00f3prio site?<\/p>\n\n\n\n<p>Disponibilizamos um material completo, com passo a passo de como criar um site de comercializa\u00e7\u00e3o de produtos agroecol\u00f3gicos atrav\u00e9s do wordpress.<\/p>\n\n\n\n<p>Acesse atrav\u00e9s do link abaixo:&nbsp;<\/p>\n\n\n\n<p><a href=\"https:\/\/drive.google.com\/drive\/folders\/1P9oZJFLGldnFZtm00_hlZyX4AmokGTjC?usp=sharing\">Manuais de instala\u00e7\u00e3o e de administra\u00e7\u00e3o TIC-DEMOS<\/a><\/p>\n<\/div>\n","protected":false},"excerpt":{"rendered":"<p>Objetivo Promover a inclus\u00e3o de projetos ou iniciativas no mercado virtual para venda de produtos agroecol\u00f3gicos.\u00a0 Assessoria online Ser\u00e3o realizadas oficinas e mentorias para aprendizagem do uso das tecnologias e ferramentas para o processo de venda virtual e estrutura\u00e7\u00e3o da loja online. Quem pode participar Podem participar iniciativas, projetos, a\u00e7\u00f5es, pr\u00e1ticas, cooperativas, redes, coletivos, que [&hellip;]<\/p>\n","protected":false},"author":1,"featured_media":404,"comment_status":"open","ping_status":"open","sticky":false,"template":"","format":"standard","meta":{"_acf_changed":false,"footnotes":""},"categories":[1],"tags":[],"class_list":["post-926","post","type-post","status-publish","format-standard","has-post-thumbnail","hentry","category-uncategorized"],"blocksy_meta":[],"acf":[],"_links":{"self":[{"href":"https:\/\/novo.cestaagroecologica.com.br\/index.php?rest_route=\/wp\/v2\/posts\/926","targetHints":{"allow":["GET"]}}],"collection":[{"href":"https:\/\/novo.cestaagroecologica.com.br\/index.php?rest_route=\/wp\/v2\/posts"}],"about":[{"href":"https:\/\/novo.cestaagroecologica.com.br\/index.php?rest_route=\/wp\/v2\/types\/post"}],"author":[{"embeddable":true,"href":"https:\/\/novo.cestaagroecologica.com.br\/index.php?rest_route=\/wp\/v2\/users\/1"}],"replies":[{"embeddable":true,"href":"https:\/\/novo.cestaagroecologica.com.br\/index.php?rest_route=%2Fwp%2Fv2%2Fcomments&post=926"}],"version-history":[{"count":6,"href":"https:\/\/novo.cestaagroecologica.com.br\/index.php?rest_route=\/wp\/v2\/posts\/926\/revisions"}],"predecessor-version":[{"id":935,"href":"https:\/\/novo.cestaagroecologica.com.br\/index.php?rest_route=\/wp\/v2\/posts\/926\/revisions\/935"}],"wp:featuredmedia":[{"embeddable":true,"href":"https:\/\/novo.cestaagroecologica.com.br\/index.php?rest_route=\/wp\/v2\/media\/404"}],"wp:attachment":[{"href":"https:\/\/novo.cestaagroecologica.com.br\/index.php?rest_route=%2Fwp%2Fv2%2Fmedia&parent=926"}],"wp:term":[{"taxonomy":"category","embeddable":true,"href":"https:\/\/novo.cestaagroecologica.com.br\/index.php?rest_route=%2Fwp%2Fv2%2Fcategories&post=926"},{"taxonomy":"post_tag","embeddable":true,"href":"https:\/\/novo.cestaagroecologica.com.br\/index.php?rest_route=%2Fwp%2Fv2%2Ftags&post=926"}],"curies":[{"name":"wp","href":"https:\/\/api.w.org\/{rel}","templated":true}]}}